{"id":54,"date":"2025-01-03T14:11:36","date_gmt":"2025-01-03T14:11:36","guid":{"rendered":"https:\/\/calendarulortodox.ro\/blog\/?p=54"},"modified":"2025-02-03T14:11:42","modified_gmt":"2025-02-03T14:11:42","slug":"termeni-si-conditii-calendarulortodox","status":"publish","type":"post","link":"https:\/\/calendarulortodox.ro\/blog\/termeni-si-conditii-calendarulortodox\/","title":{"rendered":"Termeni \u0219i condi\u021bii CalendarulOrtodox"},"content":{"rendered":"<p data-pm-slice=\"1 1 []\">Ultima actualizare: 2 Februarie 2025<\/p>\n<p>V\u0103 rug\u0103m s\u0103 citi\u021bi cu aten\u021bie ace\u0219ti Termeni \u0219i Condi\u021bii \u00eenainte de a utiliza website-ul <strong>Calendarul Ortodox<\/strong> (denumit \u00een continuare \u201eWebsite-ul\u201d). Acces\u00e2nd \u0219i utiliz\u00e2nd acest Website, sunte\u021bi de acord cu respectarea acestor termeni. Dac\u0103 nu sunte\u021bi de acord cu ace\u0219tia, v\u0103 rug\u0103m s\u0103 nu utiliza\u021bi Website-ul.<\/p>\n<h2>1. Acceptarea Termenilor<\/h2>\n<p>Prin accesarea \u0219i utilizarea Website-ului, sunte\u021bi de acord s\u0103 respecta\u021bi ace\u0219ti Termeni \u0219i Condi\u021bii. Dac\u0103 nu sunte\u021bi de acord cu oricare dintre prevederile acestora, trebuie s\u0103 \u00eenceta\u021bi imediat utilizarea Website-ului.<\/p>\n<h2>2. Modificarea Termenilor<\/h2>\n<p>Ne rezerv\u0103m dreptul de a modifica sau actualiza ace\u0219ti Termeni \u0219i Condi\u021bii \u00een orice moment, f\u0103r\u0103 notificare prealabil\u0103. Continuarea utiliz\u0103rii Website-ului dup\u0103 efectuarea modific\u0103rilor constituie acceptarea acestor modific\u0103ri.<\/p>\n<h2>3. Drepturi de Proprietate Intelectual\u0103<\/h2>\n<p>Toate materialele de pe acest Website, inclusiv, dar f\u0103r\u0103 a se limita la texte, imagini, grafice, logo-uri \u0219i alte elemente, sunt protejate de drepturile de autor \u0219i alte drepturi de proprietate intelectual\u0103. Nu ave\u021bi dreptul s\u0103 copia\u021bi, modifica\u021bi, distribui\u021bi sau s\u0103 utiliza\u021bi materialele f\u0103r\u0103 permisiunea noastr\u0103 scris\u0103.<\/p>\n<h2>4. Utilizarea Website-ului<\/h2>\n<p>Website-ul este destinat exclusiv utiliz\u0103rii personale \u0219i informative. Nu ave\u021bi dreptul s\u0103 utiliza\u021bi Website-ul \u00eentr-un mod care ar putea cauza daune, afecta disponibilitatea sau func\u021bionalitatea acestuia.<\/p>\n<h2>5. Exonerarea de R\u0103spundere<\/h2>\n<p>Website-ul este furnizat \u201ea\u0219a cum este\u201d \u0219i \u201ea\u0219a cum este disponibil\u201d. Nu garant\u0103m c\u0103 Website-ul va func\u021biona f\u0103r\u0103 \u00eentreruperi, erori sau c\u0103 informa\u021biile furnizate sunt complete \u0219i actualizate. Nu ne asum\u0103m r\u0103spunderea pentru eventualele pierderi sau daune rezultate din utilizarea Website-ului.<\/p>\n<h2>6. Link-uri c\u0103tre Ter\u021bi<\/h2>\n<p>Website-ul poate con\u021bine link-uri c\u0103tre site-uri ter\u021be. Nu avem control asupra con\u021binutului sau politicilor acestor site-uri \u0219i nu ne asum\u0103m responsabilitatea pentru acestea.<\/p>\n<h2>7. Protec\u021bia Datelor \u0219i Confiden\u021bialitate<\/h2>\n<p>Respect\u0103m confiden\u021bialitatea utilizatorilor no\u0219tri. Pentru mai multe informa\u021bii despre modul \u00een care colect\u0103m \u0219i utiliz\u0103m datele dumneavoastr\u0103, v\u0103 rug\u0103m s\u0103 consulta\u021bi Politica noastr\u0103 de Confiden\u021bialitate.<\/p>\n<h2>8. Contact<\/h2>\n<p>Pentru orice \u00eentreb\u0103ri legate de ace\u0219ti Termeni \u0219i Condi\u021bii, ne pute\u021bi contacta la adresa de e-mail: <a><strong>contact@calendarulortodox.ro<\/strong><\/a>.<\/p>\n<p>Prin continuarea navig\u0103rii pe Website, confirma\u021bi c\u0103 a\u021bi citit, \u00een\u021beles \u0219i acceptat ace\u0219ti Termeni \u0219i Condi\u021bii.<\/p>\n","protected":false},"excerpt":{"rendered":"<p>Ultima actualizare: 2 Februarie 2025 V\u0103 rug\u0103m s\u0103 citi\u021bi cu aten\u021bie ace\u0219ti Termeni \u0219i Condi\u021bii \u00eenainte de a utiliza website-ul Calendarul Ortodox (denumit \u00een continuare \u201eWebsite-ul\u201d). Acces\u00e2nd \u0219i utiliz\u00e2nd acest Website, sunte\u021bi de acord cu respectarea acestor termeni. Dac\u0103 nu sunte\u021bi de acord cu ace\u0219tia, v\u0103 rug\u0103m s\u0103 nu utiliza\u021bi Website-ul. 1. Acceptarea Termenilor Prin [&hellip;]<\/p>\n","protected":false},"author":1,"featured_media":55,"comment_status":"open","ping_status":"open","sticky":false,"template":"","format":"standard","meta":{"footnotes":""},"categories":[1],"tags":[],"class_list":["post-54","post","type-post","status-publish","format-standard","has-post-thumbnail","hentry","category-religioase"],"yoast_head":"<!-- This site is optimized with the Yoast SEO plugin v24.3 - https:\/\/yoast.com\/wordpress\/plugins\/seo\/ -->\n<title>Termeni \u0219i condi\u021bii CalendarulOrtodox - Blog Ortodox<\/title>\n<meta name=\"robots\" content=\"index, follow, max-snippet:-1, max-image-preview:large, max-video-preview:-1\" \/>\n<link rel=\"canonical\" href=\"https:\/\/calendarulortodox.ro\/blog\/termeni-si-conditii-calendarulortodox\/\" \/>\n<meta property=\"og:locale\" content=\"ro_RO\" \/>\n<meta property=\"og:type\" content=\"article\" \/>\n<meta property=\"og:title\" content=\"Termeni \u0219i condi\u021bii CalendarulOrtodox - Blog Ortodox\" \/>\n<meta property=\"og:description\" content=\"Ultima actualizare: 2 Februarie 2025 V\u0103 rug\u0103m s\u0103 citi\u021bi cu aten\u021bie ace\u0219ti Termeni \u0219i Condi\u021bii \u00eenainte de a utiliza website-ul Calendarul Ortodox (denumit \u00een continuare \u201eWebsite-ul\u201d). Acces\u00e2nd \u0219i utiliz\u00e2nd acest Website, sunte\u021bi de acord cu respectarea acestor termeni. Dac\u0103 nu sunte\u021bi de acord cu ace\u0219tia, v\u0103 rug\u0103m s\u0103 nu utiliza\u021bi Website-ul. 1. Acceptarea Termenilor Prin [&hellip;]\" \/>\n<meta property=\"og:url\" content=\"https:\/\/calendarulortodox.ro\/blog\/termeni-si-conditii-calendarulortodox\/\" \/>\n<meta property=\"og:site_name\" content=\"Blog Ortodox\" \/>\n<meta property=\"article:published_time\" content=\"2025-01-03T14:11:36+00:00\" \/>\n<meta property=\"article:modified_time\" content=\"2025-02-03T14:11:42+00:00\" \/>\n<meta property=\"og:image\" content=\"https:\/\/calendarulortodox.ro\/blog\/wp-content\/uploads\/2025\/02\/termeni-si-conditii.webp\" \/>\n\t<meta property=\"og:image:width\" content=\"1280\" \/>\n\t<meta property=\"og:image:height\" content=\"720\" \/>\n\t<meta property=\"og:image:type\" content=\"image\/webp\" \/>\n<meta name=\"author\" content=\"admin\" \/>\n<meta name=\"twitter:card\" content=\"summary_large_image\" \/>\n<meta name=\"twitter:label1\" content=\"Scris de\" \/>\n\t<meta name=\"twitter:data1\" content=\"admin\" \/>\n\t<meta name=\"twitter:label2\" content=\"Timp estimat pentru citire\" \/>\n\t<meta name=\"twitter:data2\" content=\"3 minute\" \/>\n<script type=\"application\/ld+json\" class=\"yoast-schema-graph\">{\"@context\":\"https:\/\/schema.org\",\"@graph\":[{\"@type\":\"WebPage\",\"@id\":\"https:\/\/calendarulortodox.ro\/blog\/termeni-si-conditii-calendarulortodox\/\",\"url\":\"https:\/\/calendarulortodox.ro\/blog\/termeni-si-conditii-calendarulortodox\/\",\"name\":\"Termeni \u0219i condi\u021bii CalendarulOrtodox - Blog Ortodox\",\"isPartOf\":{\"@id\":\"https:\/\/calendarulortodox.ro\/blog\/#website\"},\"primaryImageOfPage\":{\"@id\":\"https:\/\/calendarulortodox.ro\/blog\/termeni-si-conditii-calendarulortodox\/#primaryimage\"},\"image\":{\"@id\":\"https:\/\/calendarulortodox.ro\/blog\/termeni-si-conditii-calendarulortodox\/#primaryimage\"},\"thumbnailUrl\":\"https:\/\/calendarulortodox.ro\/blog\/wp-content\/uploads\/2025\/02\/termeni-si-conditii.webp\",\"datePublished\":\"2025-01-03T14:11:36+00:00\",\"dateModified\":\"2025-02-03T14:11:42+00:00\",\"author\":{\"@id\":\"https:\/\/calendarulortodox.ro\/blog\/#\/schema\/person\/08dee97e658e12a0a22c7008ee6205be\"},\"breadcrumb\":{\"@id\":\"https:\/\/calendarulortodox.ro\/blog\/termeni-si-conditii-calendarulortodox\/#breadcrumb\"},\"inLanguage\":\"ro-RO\",\"potentialAction\":[{\"@type\":\"ReadAction\",\"target\":[\"https:\/\/calendarulortodox.ro\/blog\/termeni-si-conditii-calendarulortodox\/\"]}]},{\"@type\":\"ImageObject\",\"inLanguage\":\"ro-RO\",\"@id\":\"https:\/\/calendarulortodox.ro\/blog\/termeni-si-conditii-calendarulortodox\/#primaryimage\",\"url\":\"https:\/\/calendarulortodox.ro\/blog\/wp-content\/uploads\/2025\/02\/termeni-si-conditii.webp\",\"contentUrl\":\"https:\/\/calendarulortodox.ro\/blog\/wp-content\/uploads\/2025\/02\/termeni-si-conditii.webp\",\"width\":1280,\"height\":720},{\"@type\":\"BreadcrumbList\",\"@id\":\"https:\/\/calendarulortodox.ro\/blog\/termeni-si-conditii-calendarulortodox\/#breadcrumb\",\"itemListElement\":[{\"@type\":\"ListItem\",\"position\":1,\"name\":\"Prima pagin\u0103\",\"item\":\"https:\/\/calendarulortodox.ro\/blog\/\"},{\"@type\":\"ListItem\",\"position\":2,\"name\":\"Termeni \u0219i condi\u021bii CalendarulOrtodox\"}]},{\"@type\":\"WebSite\",\"@id\":\"https:\/\/calendarulortodox.ro\/blog\/#website\",\"url\":\"https:\/\/calendarulortodox.ro\/blog\/\",\"name\":\"Blog Ortodox\",\"description\":\"\",\"potentialAction\":[{\"@type\":\"SearchAction\",\"target\":{\"@type\":\"EntryPoint\",\"urlTemplate\":\"https:\/\/calendarulortodox.ro\/blog\/?s={search_term_string}\"},\"query-input\":{\"@type\":\"PropertyValueSpecification\",\"valueRequired\":true,\"valueName\":\"search_term_string\"}}],\"inLanguage\":\"ro-RO\"},{\"@type\":\"Person\",\"@id\":\"https:\/\/calendarulortodox.ro\/blog\/#\/schema\/person\/08dee97e658e12a0a22c7008ee6205be\",\"name\":\"admin\",\"image\":{\"@type\":\"ImageObject\",\"inLanguage\":\"ro-RO\",\"@id\":\"https:\/\/calendarulortodox.ro\/blog\/#\/schema\/person\/image\/\",\"url\":\"https:\/\/secure.gravatar.com\/avatar\/d97eab00f5e83bed84756a558b47b9d0937757db572e3f0c00dfad36c870abe5?s=96&d=mm&r=g\",\"contentUrl\":\"https:\/\/secure.gravatar.com\/avatar\/d97eab00f5e83bed84756a558b47b9d0937757db572e3f0c00dfad36c870abe5?s=96&d=mm&r=g\",\"caption\":\"admin\"},\"sameAs\":[\"https:\/\/calendarulortodox.ro\/blog\"],\"url\":\"https:\/\/calendarulortodox.ro\/blog\/author\/calendarulortodox\/\"}]}<\/script>\n<!-- \/ Yoast SEO plugin. -->","yoast_head_json":{"title":"Termeni \u0219i condi\u021bii CalendarulOrtodox - Blog Ortodox","robots":{"index":"index","follow":"follow","max-snippet":"max-snippet:-1","max-image-preview":"max-image-preview:large","max-video-preview":"max-video-preview:-1"},"canonical":"https:\/\/calendarulortodox.ro\/blog\/termeni-si-conditii-calendarulortodox\/","og_locale":"ro_RO","og_type":"article","og_title":"Termeni \u0219i condi\u021bii CalendarulOrtodox - Blog Ortodox","og_description":"Ultima actualizare: 2 Februarie 2025 V\u0103 rug\u0103m s\u0103 citi\u021bi cu aten\u021bie ace\u0219ti Termeni \u0219i Condi\u021bii \u00eenainte de a utiliza website-ul Calendarul Ortodox (denumit \u00een continuare \u201eWebsite-ul\u201d). Acces\u00e2nd \u0219i utiliz\u00e2nd acest Website, sunte\u021bi de acord cu respectarea acestor termeni. Dac\u0103 nu sunte\u021bi de acord cu ace\u0219tia, v\u0103 rug\u0103m s\u0103 nu utiliza\u021bi Website-ul. 1. Acceptarea Termenilor Prin [&hellip;]","og_url":"https:\/\/calendarulortodox.ro\/blog\/termeni-si-conditii-calendarulortodox\/","og_site_name":"Blog Ortodox","article_published_time":"2025-01-03T14:11:36+00:00","article_modified_time":"2025-02-03T14:11:42+00:00","og_image":[{"width":1280,"height":720,"url":"https:\/\/calendarulortodox.ro\/blog\/wp-content\/uploads\/2025\/02\/termeni-si-conditii.webp","type":"image\/webp"}],"author":"admin","twitter_card":"summary_large_image","twitter_misc":{"Scris de":"admin","Timp estimat pentru citire":"3 minute"},"schema":{"@context":"https:\/\/schema.org","@graph":[{"@type":"WebPage","@id":"https:\/\/calendarulortodox.ro\/blog\/termeni-si-conditii-calendarulortodox\/","url":"https:\/\/calendarulortodox.ro\/blog\/termeni-si-conditii-calendarulortodox\/","name":"Termeni \u0219i condi\u021bii CalendarulOrtodox - Blog Ortodox","isPartOf":{"@id":"https:\/\/calendarulortodox.ro\/blog\/#website"},"primaryImageOfPage":{"@id":"https:\/\/calendarulortodox.ro\/blog\/termeni-si-conditii-calendarulortodox\/#primaryimage"},"image":{"@id":"https:\/\/calendarulortodox.ro\/blog\/termeni-si-conditii-calendarulortodox\/#primaryimage"},"thumbnailUrl":"https:\/\/calendarulortodox.ro\/blog\/wp-content\/uploads\/2025\/02\/termeni-si-conditii.webp","datePublished":"2025-01-03T14:11:36+00:00","dateModified":"2025-02-03T14:11:42+00:00","author":{"@id":"https:\/\/calendarulortodox.ro\/blog\/#\/schema\/person\/08dee97e658e12a0a22c7008ee6205be"},"breadcrumb":{"@id":"https:\/\/calendarulortodox.ro\/blog\/termeni-si-conditii-calendarulortodox\/#breadcrumb"},"inLanguage":"ro-RO","potentialAction":[{"@type":"ReadAction","target":["https:\/\/calendarulortodox.ro\/blog\/termeni-si-conditii-calendarulortodox\/"]}]},{"@type":"ImageObject","inLanguage":"ro-RO","@id":"https:\/\/calendarulortodox.ro\/blog\/termeni-si-conditii-calendarulortodox\/#primaryimage","url":"https:\/\/calendarulortodox.ro\/blog\/wp-content\/uploads\/2025\/02\/termeni-si-conditii.webp","contentUrl":"https:\/\/calendarulortodox.ro\/blog\/wp-content\/uploads\/2025\/02\/termeni-si-conditii.webp","width":1280,"height":720},{"@type":"BreadcrumbList","@id":"https:\/\/calendarulortodox.ro\/blog\/termeni-si-conditii-calendarulortodox\/#breadcrumb","itemListElement":[{"@type":"ListItem","position":1,"name":"Prima pagin\u0103","item":"https:\/\/calendarulortodox.ro\/blog\/"},{"@type":"ListItem","position":2,"name":"Termeni \u0219i condi\u021bii CalendarulOrtodox"}]},{"@type":"WebSite","@id":"https:\/\/calendarulortodox.ro\/blog\/#website","url":"https:\/\/calendarulortodox.ro\/blog\/","name":"Blog Ortodox","description":"","potentialAction":[{"@type":"SearchAction","target":{"@type":"EntryPoint","urlTemplate":"https:\/\/calendarulortodox.ro\/blog\/?s={search_term_string}"},"query-input":{"@type":"PropertyValueSpecification","valueRequired":true,"valueName":"search_term_string"}}],"inLanguage":"ro-RO"},{"@type":"Person","@id":"https:\/\/calendarulortodox.ro\/blog\/#\/schema\/person\/08dee97e658e12a0a22c7008ee6205be","name":"admin","image":{"@type":"ImageObject","inLanguage":"ro-RO","@id":"https:\/\/calendarulortodox.ro\/blog\/#\/schema\/person\/image\/","url":"https:\/\/secure.gravatar.com\/avatar\/d97eab00f5e83bed84756a558b47b9d0937757db572e3f0c00dfad36c870abe5?s=96&d=mm&r=g","contentUrl":"https:\/\/secure.gravatar.com\/avatar\/d97eab00f5e83bed84756a558b47b9d0937757db572e3f0c00dfad36c870abe5?s=96&d=mm&r=g","caption":"admin"},"sameAs":["https:\/\/calendarulortodox.ro\/blog"],"url":"https:\/\/calendarulortodox.ro\/blog\/author\/calendarulortodox\/"}]}},"_links":{"self":[{"href":"https:\/\/calendarulortodox.ro\/blog\/wp-json\/wp\/v2\/posts\/54","targetHints":{"allow":["GET"]}}],"collection":[{"href":"https:\/\/calendarulortodox.ro\/blog\/wp-json\/wp\/v2\/posts"}],"about":[{"href":"https:\/\/calendarulortodox.ro\/blog\/wp-json\/wp\/v2\/types\/post"}],"author":[{"embeddable":true,"href":"https:\/\/calendarulortodox.ro\/blog\/wp-json\/wp\/v2\/users\/1"}],"replies":[{"embeddable":true,"href":"https:\/\/calendarulortodox.ro\/blog\/wp-json\/wp\/v2\/comments?post=54"}],"version-history":[{"count":1,"href":"https:\/\/calendarulortodox.ro\/blog\/wp-json\/wp\/v2\/posts\/54\/revisions"}],"predecessor-version":[{"id":56,"href":"https:\/\/calendarulortodox.ro\/blog\/wp-json\/wp\/v2\/posts\/54\/revisions\/56"}],"wp:featuredmedia":[{"embeddable":true,"href":"https:\/\/calendarulortodox.ro\/blog\/wp-json\/wp\/v2\/media\/55"}],"wp:attachment":[{"href":"https:\/\/calendarulortodox.ro\/blog\/wp-json\/wp\/v2\/media?parent=54"}],"wp:term":[{"taxonomy":"category","embeddable":true,"href":"https:\/\/calendarulortodox.ro\/blog\/wp-json\/wp\/v2\/categories?post=54"},{"taxonomy":"post_tag","embeddable":true,"href":"https:\/\/calendarulortodox.ro\/blog\/wp-json\/wp\/v2\/tags?post=54"}],"curies":[{"name":"wp","href":"https:\/\/api.w.org\/{rel}","templated":true}]}}