{"id":60,"date":"2025-02-04T13:34:42","date_gmt":"2025-02-04T13:34:42","guid":{"rendered":"https:\/\/calendarulortodox.ro\/blog\/?p=60"},"modified":"2025-02-04T13:37:32","modified_gmt":"2025-02-04T13:37:32","slug":"ce-inseamna-harti-in-calendarul-ortodox","status":"publish","type":"post","link":"https:\/\/calendarulortodox.ro\/blog\/ce-inseamna-harti-in-calendarul-ortodox\/","title":{"rendered":"Ce \u00eenseamn\u0103 \u201eH\u00e2rti\u201d \u00een calendarul ortodox?"},"content":{"rendered":"<p><strong>\u201eH\u00e2rti\u201d<\/strong> este o denumire popular\u0103 care se refer\u0103 la anumite zile sau perioade din calendarul ortodox \u00een care sunt permise anumite feluri de m\u00e2ncare, \u00een special lactatele \u0219i ou\u0103le, \u00eenainte de intrarea \u00een post. Aceste zile au \u0219i o semnifica\u021bie spiritual\u0103 important\u0103, preg\u0103tind credincio\u0219ii pentru asprimea Postului Mare sau a altor posturi de peste an. \u00cen popor, \u201eH\u00e2rti\u201d este asociat cu momente de bucurie, petrecere \u0219i comuniune \u00eentre credincio\u0219i, \u00eenainte de perioada de abstinen\u021b\u0103 \u0219i reculegere.<\/p>\n<h2>Originea \u0219i semnifica\u021bia \u201eH\u00e2rti\u201d<\/h2>\n<h3>Trecerea spre o perioad\u0103 de post<\/h3>\n<p>\u201eH\u00e2rti\u201d marcheaz\u0103, \u00een mod tradi\u021bional, perioada de tranzi\u021bie \u00eenaintea unui post mai lung, \u00een special Postul Mare (cel dinaintea Pa\u0219telui). La nivel spiritual, aceste zile vin ca un respiro \u00eenainte de a intra \u00een disciplina postului, c\u00e2nd cre\u0219tinii \u00ee\u0219i \u00eendreapt\u0103 aten\u021bia spre cur\u0103\u021birea sufleteasc\u0103 \u0219i preg\u0103tirea pentru marile s\u0103rb\u0103tori.<\/p>\n<h3>\u201eL\u0103satul secului\u201d \u0219i importan\u021ba iert\u0103rii<\/h3>\n<p>\u00cen Biserica Ortodox\u0103, \u00eenainte de Postul Mare exist\u0103 dou\u0103 duminici importante:<\/p>\n<ol>\n<li><strong>Duminica L\u0103satului sec de carne<\/strong> (cunoscut\u0103 \u0219i sub numele de \u201eDuminica \u00cenfrico\u0219\u0103toarei Judec\u0103\u021bi\u201d), c\u00e2nd se renun\u021b\u0103 la m\u00e2ncarea de carne.<\/li>\n<li><strong>Duminica L\u0103satului sec de br\u00e2nz\u0103<\/strong> (numit\u0103 \u00een popor \u0219i \u201eH\u00e2rti\u201d), c\u00e2nd se opre\u0219te consumul de lactate \u0219i ou\u0103, pentru a \u00eencepe oficial Postul Mare a doua zi (luni).<\/li>\n<\/ol>\n<p>Pe l\u00e2ng\u0103 aspectul culinar, duminica de dinaintea Postului Mare este cunoscut\u0103 \u0219i ca \u201eDuminica Iert\u0103rii\u201d. Credincio\u0219ii \u00ee\u0219i cer iertare unii altora, pentru a intra \u00een post cu sufletul \u00eemp\u0103cat \u0219i \u00een pace cu cei din jur.<\/p>\n<hr \/>\n<h2>Cum este marcat \u201eH\u00e2rti\u201d \u00een calendar<\/h2>\n<h3>Denumiri populare \u0219i regionale<\/h3>\n<p>\u00cen tradi\u021bia rom\u00e2neasc\u0103, \u201eH\u00e2rti\u201d poate avea varia\u021bii de denumiri \u00een func\u021bie de regiune. De multe ori, oamenii se refer\u0103 la toate zilele din ultima s\u0103pt\u0103m\u00e2n\u0103 \u00eenainte de Postul Mare ca fiind \u201ela H\u00e2rti\u201d, cu accent pe mesele bogate \u00een br\u00e2nzeturi, ou\u0103 \u0219i produse lactate.<\/p>\n<h3>Zi de relaxare \u0219i comuniune<\/h3>\n<p>\u201eH\u00e2rti\u201d nu este neap\u0103rat o singur\u0103 zi, ci poate fi asociat\u0103 cu perioada care precede Postul. Este un timp al petrecerilor \u0219i al comuniunii de familie. \u00cen unele zone, obiceiul popular \u00eencurajeaz\u0103 voie bun\u0103 \u0219i mese \u00eempreun\u0103, pentru ca toat\u0103 lumea s\u0103 se bucure de aceste bucate \u00eenainte de abstinen\u021b\u0103.<\/p>\n<hr \/>\n<h2>Ce m\u00e2nc\u0103m de \u201eH\u00e2rti\u201d<\/h2>\n<h3>Bucate tradi\u021bionale<\/h3>\n<ul>\n<li><strong>Ou\u0103 \u0219i lactate<\/strong>: Preparatele pe baz\u0103 de br\u00e2nz\u0103, lapte, sm\u00e2nt\u00e2n\u0103 \u0219i ou\u0103 sunt \u00een centrul aten\u021biei. Cl\u0103titele, pl\u0103cintele cu br\u00e2nz\u0103, cozonacii cu br\u00e2nz\u0103 de vaci, br\u00e2nzoicele (poale-n br\u00e2u) sau alte produse de patiserie sunt la mare c\u0103utare.<\/li>\n<li><strong>Pe\u0219te \u0219i fructe de mare<\/strong>: \u00cen func\u021bie de zon\u0103 \u0219i tradi\u021bie, poate fi permis \u0219i consumul de pe\u0219te (mai ales dac\u0103 ziua de \u201eH\u00e2rti\u201d coincide cu o dezlegare la pe\u0219te).<\/li>\n<li><strong>Deserturi de cas\u0103<\/strong>: Gospodinele preg\u0103tesc pr\u0103jituri, gogo\u0219i, cozonac sau alte dulciuri care folosesc ingrediente de origine animal\u0103 (unt, ou\u0103, lapte), av\u00e2nd \u00een vedere c\u0103 urmeaz\u0103 o perioad\u0103 f\u0103r\u0103 aceste alimente.<\/li>\n<\/ul>\n<h3>Semnifica\u021bia culinar\u0103<\/h3>\n<p>Aceast\u0103 perioad\u0103 \u00een care sunt \u00eenc\u0103 permise lactatele \u0219i ou\u0103le are \u0219i o dimensiune simbolic\u0103: ne aminte\u0219te c\u0103, de\u0219i postul se apropie, \u00eenc\u0103 ne bucur\u0103m de darurile p\u0103m\u00e2ntului \u0219i de comuniunea cu cei dragi. Consumarea acestor m\u00e2nc\u0103ruri, pe de alt\u0103 parte, ne face con\u0219tien\u021bi de sacrificiile \u0219i restric\u021biile pe care urmeaz\u0103 s\u0103 le adopt\u0103m din ziua urm\u0103toare.<\/p>\n<hr \/>\n<h2>Importan\u021ba duhovniceasc\u0103 \u0219i practic\u0103<\/h2>\n<ol>\n<li><strong>Preg\u0103tirea sufleteasc\u0103<\/strong>: \u201eH\u00e2rti\u201d face trecerea de la via\u021ba cotidian\u0103, cu toate obiceiurile sale alimentare \u0219i lume\u0219ti, spre o perioad\u0103 de poc\u0103in\u021b\u0103 \u0219i apropiere de Dumnezeu.<\/li>\n<li><strong>Iertarea \u0219i reconcilierea<\/strong>: Cu ocazia L\u0103satului secului, familiile \u0219i comunit\u0103\u021bile \u00ee\u0219i cer iertare reciproc, pentru a intra \u00een post cu sufletul curat \u0219i ferit de resentimente.<\/li>\n<li><strong>Comuniunea familial\u0103<\/strong>: Mesele bogate de la \u201eH\u00e2rti\u201d adun\u0103 familia \u0219i prietenii laolalt\u0103, \u00eent\u0103rind leg\u0103turile sociale \u0219i afective.<\/li>\n<\/ol>\n<p>\u201eH\u00e2rti\u201d reprezint\u0103 un r\u0103gaz de bucurie \u0219i comuniune \u00eenaintea Postului, cu puternice conota\u021bii spirituale \u0219i culturale. Este o perioad\u0103 marcat\u0103 de mese \u00eembel\u0219ugate, socializare \u0219i celebrarea darurilor p\u0103m\u00e2ntului, amintind \u00een acela\u0219i timp de necesitatea iert\u0103rii, a cump\u0103t\u0103rii \u0219i a preg\u0103tirii duhovnice\u0219ti pentru marele efort al postirii. Prin respectarea tradi\u021biilor \u0219i a r\u00e2nduielilor biserice\u0219ti, credincio\u0219ii gust\u0103 din bel\u0219ugul acestei lumi, preg\u0103tindu-se \u00eens\u0103 \u00een mod con\u0219tient \u0219i pentru cur\u0103\u021birea sufleteasc\u0103 ce urmeaz\u0103.<\/p>\n","protected":false},"excerpt":{"rendered":"<p>\u201eH\u00e2rti\u201d este o denumire popular\u0103 care se refer\u0103 la anumite zile sau perioade din calendarul ortodox \u00een care sunt permise anumite feluri de m\u00e2ncare, \u00een special lactatele \u0219i ou\u0103le, \u00eenainte de intrarea \u00een post. Aceste zile au \u0219i o semnifica\u021bie spiritual\u0103 important\u0103, preg\u0103tind credincio\u0219ii pentru asprimea Postului Mare sau a altor posturi de peste an. [&hellip;]<\/p>\n","protected":false},"author":1,"featured_media":61,"comment_status":"open","ping_status":"open","sticky":false,"template":"","format":"standard","meta":{"footnotes":""},"categories":[8],"tags":[],"class_list":["post-60","post","type-post","status-publish","format-standard","has-post-thumbnail","hentry","category-informatii-crestine"],"yoast_head":"<!-- This site is optimized with the Yoast SEO plugin v24.3 - https:\/\/yoast.com\/wordpress\/plugins\/seo\/ -->\n<title>Ce \u00eenseamn\u0103 \u201eH\u00e2rti\u201d \u0219i care este semnifica\u021bia zilelor de l\u0103satul secului<\/title>\n<meta name=\"description\" content=\"Semnifica\u021bia \u201eH\u00e2rti\u201d, ce m\u00e2nc\u0103m \u00een aceste zile \u0219i de ce sunt importante \u00eenainte de \u00eenceperea postului. O prezentare a tradi\u021biilor \u0219i r\u00e2nduielilor care marcheaz\u0103 \u201el\u0103satul secului\u201d.\" \/>\n<meta name=\"robots\" content=\"index, follow, max-snippet:-1, max-image-preview:large, max-video-preview:-1\" \/>\n<link rel=\"canonical\" href=\"https:\/\/calendarulortodox.ro\/blog\/ce-inseamna-harti-in-calendarul-ortodox\/\" \/>\n<meta property=\"og:locale\" content=\"ro_RO\" \/>\n<meta property=\"og:type\" content=\"article\" \/>\n<meta property=\"og:title\" content=\"Ce \u00eenseamn\u0103 \u201eH\u00e2rti\u201d \u0219i care este semnifica\u021bia zilelor de l\u0103satul secului\" \/>\n<meta property=\"og:description\" content=\"Semnifica\u021bia \u201eH\u00e2rti\u201d, ce m\u00e2nc\u0103m \u00een aceste zile \u0219i de ce sunt importante \u00eenainte de \u00eenceperea postului. O prezentare a tradi\u021biilor \u0219i r\u00e2nduielilor care marcheaz\u0103 \u201el\u0103satul secului\u201d.\" \/>\n<meta property=\"og:url\" content=\"https:\/\/calendarulortodox.ro\/blog\/ce-inseamna-harti-in-calendarul-ortodox\/\" \/>\n<meta property=\"og:site_name\" content=\"Blog Ortodox\" \/>\n<meta property=\"article:published_time\" content=\"2025-02-04T13:34:42+00:00\" \/>\n<meta property=\"article:modified_time\" content=\"2025-02-04T13:37:32+00:00\" \/>\n<meta property=\"og:image\" content=\"https:\/\/calendarulortodox.ro\/blog\/wp-content\/uploads\/2025\/02\/ce-inseamna-harti.webp\" \/>\n\t<meta property=\"og:image:width\" content=\"1280\" \/>\n\t<meta property=\"og:image:height\" content=\"720\" \/>\n\t<meta property=\"og:image:type\" content=\"image\/webp\" \/>\n<meta name=\"author\" content=\"admin\" \/>\n<meta name=\"twitter:card\" content=\"summary_large_image\" \/>\n<meta name=\"twitter:label1\" content=\"Scris de\" \/>\n\t<meta name=\"twitter:data1\" content=\"admin\" \/>\n\t<meta name=\"twitter:label2\" content=\"Timp estimat pentru citire\" \/>\n\t<meta name=\"twitter:data2\" content=\"4 minute\" \/>\n<script type=\"application\/ld+json\" class=\"yoast-schema-graph\">{\"@context\":\"https:\/\/schema.org\",\"@graph\":[{\"@type\":\"WebPage\",\"@id\":\"https:\/\/calendarulortodox.ro\/blog\/ce-inseamna-harti-in-calendarul-ortodox\/\",\"url\":\"https:\/\/calendarulortodox.ro\/blog\/ce-inseamna-harti-in-calendarul-ortodox\/\",\"name\":\"Ce \u00eenseamn\u0103 \u201eH\u00e2rti\u201d \u0219i care este semnifica\u021bia zilelor de l\u0103satul secului\",\"isPartOf\":{\"@id\":\"https:\/\/calendarulortodox.ro\/blog\/#website\"},\"primaryImageOfPage\":{\"@id\":\"https:\/\/calendarulortodox.ro\/blog\/ce-inseamna-harti-in-calendarul-ortodox\/#primaryimage\"},\"image\":{\"@id\":\"https:\/\/calendarulortodox.ro\/blog\/ce-inseamna-harti-in-calendarul-ortodox\/#primaryimage\"},\"thumbnailUrl\":\"https:\/\/calendarulortodox.ro\/blog\/wp-content\/uploads\/2025\/02\/ce-inseamna-harti.webp\",\"datePublished\":\"2025-02-04T13:34:42+00:00\",\"dateModified\":\"2025-02-04T13:37:32+00:00\",\"author\":{\"@id\":\"https:\/\/calendarulortodox.ro\/blog\/#\/schema\/person\/08dee97e658e12a0a22c7008ee6205be\"},\"description\":\"Semnifica\u021bia \u201eH\u00e2rti\u201d, ce m\u00e2nc\u0103m \u00een aceste zile \u0219i de ce sunt importante \u00eenainte de \u00eenceperea postului. O prezentare a tradi\u021biilor \u0219i r\u00e2nduielilor care marcheaz\u0103 \u201el\u0103satul secului\u201d.\",\"breadcrumb\":{\"@id\":\"https:\/\/calendarulortodox.ro\/blog\/ce-inseamna-harti-in-calendarul-ortodox\/#breadcrumb\"},\"inLanguage\":\"ro-RO\",\"potentialAction\":[{\"@type\":\"ReadAction\",\"target\":[\"https:\/\/calendarulortodox.ro\/blog\/ce-inseamna-harti-in-calendarul-ortodox\/\"]}]},{\"@type\":\"ImageObject\",\"inLanguage\":\"ro-RO\",\"@id\":\"https:\/\/calendarulortodox.ro\/blog\/ce-inseamna-harti-in-calendarul-ortodox\/#primaryimage\",\"url\":\"https:\/\/calendarulortodox.ro\/blog\/wp-content\/uploads\/2025\/02\/ce-inseamna-harti.webp\",\"contentUrl\":\"https:\/\/calendarulortodox.ro\/blog\/wp-content\/uploads\/2025\/02\/ce-inseamna-harti.webp\",\"width\":1280,\"height\":720},{\"@type\":\"BreadcrumbList\",\"@id\":\"https:\/\/calendarulortodox.ro\/blog\/ce-inseamna-harti-in-calendarul-ortodox\/#breadcrumb\",\"itemListElement\":[{\"@type\":\"ListItem\",\"position\":1,\"name\":\"Prima pagin\u0103\",\"item\":\"https:\/\/calendarulortodox.ro\/blog\/\"},{\"@type\":\"ListItem\",\"position\":2,\"name\":\"Ce \u00eenseamn\u0103 \u201eH\u00e2rti\u201d \u00een calendarul ortodox?\"}]},{\"@type\":\"WebSite\",\"@id\":\"https:\/\/calendarulortodox.ro\/blog\/#website\",\"url\":\"https:\/\/calendarulortodox.ro\/blog\/\",\"name\":\"Blog Ortodox\",\"description\":\"\",\"potentialAction\":[{\"@type\":\"SearchAction\",\"target\":{\"@type\":\"EntryPoint\",\"urlTemplate\":\"https:\/\/calendarulortodox.ro\/blog\/?s={search_term_string}\"},\"query-input\":{\"@type\":\"PropertyValueSpecification\",\"valueRequired\":true,\"valueName\":\"search_term_string\"}}],\"inLanguage\":\"ro-RO\"},{\"@type\":\"Person\",\"@id\":\"https:\/\/calendarulortodox.ro\/blog\/#\/schema\/person\/08dee97e658e12a0a22c7008ee6205be\",\"name\":\"admin\",\"image\":{\"@type\":\"ImageObject\",\"inLanguage\":\"ro-RO\",\"@id\":\"https:\/\/calendarulortodox.ro\/blog\/#\/schema\/person\/image\/\",\"url\":\"https:\/\/secure.gravatar.com\/avatar\/d97eab00f5e83bed84756a558b47b9d0937757db572e3f0c00dfad36c870abe5?s=96&d=mm&r=g\",\"contentUrl\":\"https:\/\/secure.gravatar.com\/avatar\/d97eab00f5e83bed84756a558b47b9d0937757db572e3f0c00dfad36c870abe5?s=96&d=mm&r=g\",\"caption\":\"admin\"},\"sameAs\":[\"https:\/\/calendarulortodox.ro\/blog\"],\"url\":\"https:\/\/calendarulortodox.ro\/blog\/author\/calendarulortodox\/\"}]}<\/script>\n<!-- \/ Yoast SEO plugin. -->","yoast_head_json":{"title":"Ce \u00eenseamn\u0103 \u201eH\u00e2rti\u201d \u0219i care este semnifica\u021bia zilelor de l\u0103satul secului","description":"Semnifica\u021bia \u201eH\u00e2rti\u201d, ce m\u00e2nc\u0103m \u00een aceste zile \u0219i de ce sunt importante \u00eenainte de \u00eenceperea postului. O prezentare a tradi\u021biilor \u0219i r\u00e2nduielilor care marcheaz\u0103 \u201el\u0103satul secului\u201d.","robots":{"index":"index","follow":"follow","max-snippet":"max-snippet:-1","max-image-preview":"max-image-preview:large","max-video-preview":"max-video-preview:-1"},"canonical":"https:\/\/calendarulortodox.ro\/blog\/ce-inseamna-harti-in-calendarul-ortodox\/","og_locale":"ro_RO","og_type":"article","og_title":"Ce \u00eenseamn\u0103 \u201eH\u00e2rti\u201d \u0219i care este semnifica\u021bia zilelor de l\u0103satul secului","og_description":"Semnifica\u021bia \u201eH\u00e2rti\u201d, ce m\u00e2nc\u0103m \u00een aceste zile \u0219i de ce sunt importante \u00eenainte de \u00eenceperea postului. O prezentare a tradi\u021biilor \u0219i r\u00e2nduielilor care marcheaz\u0103 \u201el\u0103satul secului\u201d.","og_url":"https:\/\/calendarulortodox.ro\/blog\/ce-inseamna-harti-in-calendarul-ortodox\/","og_site_name":"Blog Ortodox","article_published_time":"2025-02-04T13:34:42+00:00","article_modified_time":"2025-02-04T13:37:32+00:00","og_image":[{"width":1280,"height":720,"url":"https:\/\/calendarulortodox.ro\/blog\/wp-content\/uploads\/2025\/02\/ce-inseamna-harti.webp","type":"image\/webp"}],"author":"admin","twitter_card":"summary_large_image","twitter_misc":{"Scris de":"admin","Timp estimat pentru citire":"4 minute"},"schema":{"@context":"https:\/\/schema.org","@graph":[{"@type":"WebPage","@id":"https:\/\/calendarulortodox.ro\/blog\/ce-inseamna-harti-in-calendarul-ortodox\/","url":"https:\/\/calendarulortodox.ro\/blog\/ce-inseamna-harti-in-calendarul-ortodox\/","name":"Ce \u00eenseamn\u0103 \u201eH\u00e2rti\u201d \u0219i care este semnifica\u021bia zilelor de l\u0103satul secului","isPartOf":{"@id":"https:\/\/calendarulortodox.ro\/blog\/#website"},"primaryImageOfPage":{"@id":"https:\/\/calendarulortodox.ro\/blog\/ce-inseamna-harti-in-calendarul-ortodox\/#primaryimage"},"image":{"@id":"https:\/\/calendarulortodox.ro\/blog\/ce-inseamna-harti-in-calendarul-ortodox\/#primaryimage"},"thumbnailUrl":"https:\/\/calendarulortodox.ro\/blog\/wp-content\/uploads\/2025\/02\/ce-inseamna-harti.webp","datePublished":"2025-02-04T13:34:42+00:00","dateModified":"2025-02-04T13:37:32+00:00","author":{"@id":"https:\/\/calendarulortodox.ro\/blog\/#\/schema\/person\/08dee97e658e12a0a22c7008ee6205be"},"description":"Semnifica\u021bia \u201eH\u00e2rti\u201d, ce m\u00e2nc\u0103m \u00een aceste zile \u0219i de ce sunt importante \u00eenainte de \u00eenceperea postului. O prezentare a tradi\u021biilor \u0219i r\u00e2nduielilor care marcheaz\u0103 \u201el\u0103satul secului\u201d.","breadcrumb":{"@id":"https:\/\/calendarulortodox.ro\/blog\/ce-inseamna-harti-in-calendarul-ortodox\/#breadcrumb"},"inLanguage":"ro-RO","potentialAction":[{"@type":"ReadAction","target":["https:\/\/calendarulortodox.ro\/blog\/ce-inseamna-harti-in-calendarul-ortodox\/"]}]},{"@type":"ImageObject","inLanguage":"ro-RO","@id":"https:\/\/calendarulortodox.ro\/blog\/ce-inseamna-harti-in-calendarul-ortodox\/#primaryimage","url":"https:\/\/calendarulortodox.ro\/blog\/wp-content\/uploads\/2025\/02\/ce-inseamna-harti.webp","contentUrl":"https:\/\/calendarulortodox.ro\/blog\/wp-content\/uploads\/2025\/02\/ce-inseamna-harti.webp","width":1280,"height":720},{"@type":"BreadcrumbList","@id":"https:\/\/calendarulortodox.ro\/blog\/ce-inseamna-harti-in-calendarul-ortodox\/#breadcrumb","itemListElement":[{"@type":"ListItem","position":1,"name":"Prima pagin\u0103","item":"https:\/\/calendarulortodox.ro\/blog\/"},{"@type":"ListItem","position":2,"name":"Ce \u00eenseamn\u0103 \u201eH\u00e2rti\u201d \u00een calendarul ortodox?"}]},{"@type":"WebSite","@id":"https:\/\/calendarulortodox.ro\/blog\/#website","url":"https:\/\/calendarulortodox.ro\/blog\/","name":"Blog Ortodox","description":"","potentialAction":[{"@type":"SearchAction","target":{"@type":"EntryPoint","urlTemplate":"https:\/\/calendarulortodox.ro\/blog\/?s={search_term_string}"},"query-input":{"@type":"PropertyValueSpecification","valueRequired":true,"valueName":"search_term_string"}}],"inLanguage":"ro-RO"},{"@type":"Person","@id":"https:\/\/calendarulortodox.ro\/blog\/#\/schema\/person\/08dee97e658e12a0a22c7008ee6205be","name":"admin","image":{"@type":"ImageObject","inLanguage":"ro-RO","@id":"https:\/\/calendarulortodox.ro\/blog\/#\/schema\/person\/image\/","url":"https:\/\/secure.gravatar.com\/avatar\/d97eab00f5e83bed84756a558b47b9d0937757db572e3f0c00dfad36c870abe5?s=96&d=mm&r=g","contentUrl":"https:\/\/secure.gravatar.com\/avatar\/d97eab00f5e83bed84756a558b47b9d0937757db572e3f0c00dfad36c870abe5?s=96&d=mm&r=g","caption":"admin"},"sameAs":["https:\/\/calendarulortodox.ro\/blog"],"url":"https:\/\/calendarulortodox.ro\/blog\/author\/calendarulortodox\/"}]}},"_links":{"self":[{"href":"https:\/\/calendarulortodox.ro\/blog\/wp-json\/wp\/v2\/posts\/60","targetHints":{"allow":["GET"]}}],"collection":[{"href":"https:\/\/calendarulortodox.ro\/blog\/wp-json\/wp\/v2\/posts"}],"about":[{"href":"https:\/\/calendarulortodox.ro\/blog\/wp-json\/wp\/v2\/types\/post"}],"author":[{"embeddable":true,"href":"https:\/\/calendarulortodox.ro\/blog\/wp-json\/wp\/v2\/users\/1"}],"replies":[{"embeddable":true,"href":"https:\/\/calendarulortodox.ro\/blog\/wp-json\/wp\/v2\/comments?post=60"}],"version-history":[{"count":1,"href":"https:\/\/calendarulortodox.ro\/blog\/wp-json\/wp\/v2\/posts\/60\/revisions"}],"predecessor-version":[{"id":62,"href":"https:\/\/calendarulortodox.ro\/blog\/wp-json\/wp\/v2\/posts\/60\/revisions\/62"}],"wp:featuredmedia":[{"embeddable":true,"href":"https:\/\/calendarulortodox.ro\/blog\/wp-json\/wp\/v2\/media\/61"}],"wp:attachment":[{"href":"https:\/\/calendarulortodox.ro\/blog\/wp-json\/wp\/v2\/media?parent=60"}],"wp:term":[{"taxonomy":"category","embeddable":true,"href":"https:\/\/calendarulortodox.ro\/blog\/wp-json\/wp\/v2\/categories?post=60"},{"taxonomy":"post_tag","embeddable":true,"href":"https:\/\/calendarulortodox.ro\/blog\/wp-json\/wp\/v2\/tags?post=60"}],"curies":[{"name":"wp","href":"https:\/\/api.w.org\/{rel}","templated":true}]}}